{"id":13419,"date":"2026-01-23T11:36:54","date_gmt":"2026-01-23T10:36:54","guid":{"rendered":"https:\/\/www.rollladen-growe.de\/?p=13419"},"modified":"2026-01-26T10:59:25","modified_gmt":"2026-01-26T09:59:25","slug":"fensterbau-frontale-2026-jetzt-termin-vormerken","status":"publish","type":"post","link":"https:\/\/www.rollladen-growe.de\/fensterbau-frontale-2026-jetzt-termin-vormerken\/","title":{"rendered":"Fensterbau Frontale 2026 \u2013 Jetzt Termin Vormerken"},"content":{"rendered":"\t\t<div data-elementor-type=\"wp-post\" data-elementor-id=\"13419\" class=\"elementor elementor-13419\" data-elementor-post-type=\"post\">\n\t\t\t\t\t\t<section class=\"elementor-section elementor-top-section elementor-element elementor-element-4376caf elementor-section-boxed elementor-section-height-default elementor-section-height-default\" data-id=\"4376caf\" data-element_type=\"section\" data-e-type=\"section\">\n\t\t\t\t\t\t<div class=\"elementor-container elementor-column-gap-default\">\n\t\t\t\t\t<div class=\"elementor-column elementor-col-100 elementor-top-column elementor-element elementor-element-1f2f04b\" data-id=\"1f2f04b\" data-element_type=\"column\" data-e-type=\"column\">\n\t\t\t<div class=\"elementor-widget-wrap elementor-element-populated\">\n\t\t\t\t\t\t<section class=\"elementor-section elementor-inner-section elementor-element elementor-element-5aa3ca8 elementor-section-boxed elementor-section-height-default elementor-section-height-default\" data-id=\"5aa3ca8\" data-element_type=\"section\" data-e-type=\"section\">\n\t\t\t\t\t\t<div class=\"elementor-container elementor-column-gap-default\">\n\t\t\t\t\t<div class=\"elementor-column elementor-col-50 elementor-inner-column elementor-element elementor-element-f380fd0\" data-id=\"f380fd0\" data-element_type=\"column\" data-e-type=\"column\">\n\t\t\t<div class=\"elementor-widget-wrap elementor-element-populated\">\n\t\t\t\t\t\t<div class=\"elementor-element elementor-element-7a1c4b6 elementor-widget elementor-widget-button\" data-id=\"7a1c4b6\" data-element_type=\"widget\" data-e-type=\"widget\" data-widget_type=\"button.default\">\n\t\t\t\t<div class=\"elementor-widget-container\">\n\t\t\t\t\t\t\t\t\t<div class=\"elementor-button-wrapper\">\n\t\t\t\t\t<a class=\"elementor-button elementor-button-link elementor-size-sm\" href=\"https:\/\/www.rollladen-growe.de\/newsletter\/2026-01\/\">\n\t\t\t\t\t\t<span class=\"elementor-button-content-wrapper\">\n\t\t\t\t\t\t<span class=\"elementor-button-icon\">\n\t\t\t\t<i aria-hidden=\"true\" class=\"fas fa-arrow-left\"><\/i>\t\t\t<\/span>\n\t\t\t\t\t\t\t\t\t<span class=\"elementor-button-text\">Zur\u00fcck zur \u00dcbersicht<\/span>\n\t\t\t\t\t<\/span>\n\t\t\t\t\t<\/a>\n\t\t\t\t<\/div>\n\t\t\t\t\t\t\t\t<\/div>\n\t\t\t\t<\/div>\n\t\t\t\t\t<\/div>\n\t\t<\/div>\n\t\t\t\t<div class=\"elementor-column elementor-col-50 elementor-inner-column elementor-element elementor-element-f1bc878\" data-id=\"f1bc878\" data-element_type=\"column\" data-e-type=\"column\">\n\t\t\t<div class=\"elementor-widget-wrap\">\n\t\t\t\t\t\t\t<\/div>\n\t\t<\/div>\n\t\t\t\t\t<\/div>\n\t\t<\/section>\n\t\t\t\t<section class=\"elementor-section elementor-inner-section elementor-element elementor-element-eafe3f6 elementor-section-boxed elementor-section-height-default elementor-section-height-default\" data-id=\"eafe3f6\" data-element_type=\"section\" data-e-type=\"section\">\n\t\t\t\t\t\t<div class=\"elementor-container elementor-column-gap-default\">\n\t\t\t\t\t<div class=\"elementor-column elementor-col-100 elementor-inner-column elementor-element elementor-element-78efaf1\" data-id=\"78efaf1\" data-element_type=\"column\" data-e-type=\"column\">\n\t\t\t<div class=\"elementor-widget-wrap elementor-element-populated\">\n\t\t\t\t\t\t<div class=\"elementor-element elementor-element-051b3c8 elementor-widget elementor-widget-heading\" data-id=\"051b3c8\" data-element_type=\"widget\" data-e-type=\"widget\" data-widget_type=\"heading.default\">\n\t\t\t\t<div class=\"elementor-widget-container\">\n\t\t\t\t\t<h1 class=\"elementor-heading-title elementor-size-default\">Fensterbau Frontale 2026 \u2013 Jetzt Termin Vormerken<\/h1>\t\t\t\t<\/div>\n\t\t\t\t<\/div>\n\t\t\t\t<div class=\"elementor-element elementor-element-5cfa156 elementor-widget elementor-widget-heading\" data-id=\"5cfa156\" data-element_type=\"widget\" data-e-type=\"widget\" data-widget_type=\"heading.default\">\n\t\t\t\t<div class=\"elementor-widget-container\">\n\t\t\t\t\t<h2 class=\"elementor-heading-title elementor-size-default\">Besuchen Sie unseren GROWE\/ROLTEX Marktplatz auf der Fensterbau Frontale!<\/h2>\t\t\t\t<\/div>\n\t\t\t\t<\/div>\n\t\t\t\t\t<\/div>\n\t\t<\/div>\n\t\t\t\t\t<\/div>\n\t\t<\/section>\n\t\t\t\t\t<\/div>\n\t\t<\/div>\n\t\t\t\t\t<\/div>\n\t\t<\/section>\n\t\t\t\t<section class=\"elementor-section elementor-top-section elementor-element elementor-element-c03b894 elementor-section-boxed elementor-section-height-default elementor-section-height-default\" data-id=\"c03b894\" data-element_type=\"section\" data-e-type=\"section\">\n\t\t\t\t\t\t<div class=\"elementor-container elementor-column-gap-default\">\n\t\t\t\t\t<div class=\"elementor-column elementor-col-100 elementor-top-column elementor-element elementor-element-6fe5404\" data-id=\"6fe5404\" data-element_type=\"column\" data-e-type=\"column\">\n\t\t\t<div class=\"elementor-widget-wrap elementor-element-populated\">\n\t\t\t\t\t\t<section class=\"elementor-section elementor-inner-section elementor-element elementor-element-c8895ec elementor-section-boxed elementor-section-height-default elementor-section-height-default\" data-id=\"c8895ec\" data-element_type=\"section\" data-e-type=\"section\">\n\t\t\t\t\t\t<div class=\"elementor-container elementor-column-gap-extended\">\n\t\t\t\t\t<div class=\"elementor-column elementor-col-50 elementor-inner-column elementor-element elementor-element-ea450c9\" data-id=\"ea450c9\" data-element_type=\"column\" data-e-type=\"column\">\n\t\t\t<div class=\"elementor-widget-wrap elementor-element-populated\">\n\t\t\t\t\t\t<div class=\"elementor-element elementor-element-b370212 elementor-widget elementor-widget-text-editor\" data-id=\"b370212\" data-element_type=\"widget\" data-e-type=\"widget\" data-widget_type=\"text-editor.default\">\n\t\t\t\t<div class=\"elementor-widget-container\">\n\t\t\t\t\t\t\t\t\t<p class=\"p1\">Unter dem Motto <strong>\u201eMarktplatz fu\u0308r Sicht- und Sonnenschutz: weitergedacht, l\u00f6sungsorientiert, effizient\u201c<\/strong> pr\u00e4sentieren wir unsere Neuheiten zum Anfassen und Ausprobieren.<\/p><p class=\"p1\">Der GROWE\/ROLTEX Marktplatz auf der Fensterbau Frontale ist der Ort, an dem sich alles rund um Sicht-, Sonnen- und Insektenschutz trifft. Hier kommen Ideen, Produkte und L\u00f6sungen zusammen \u2013 von einzelnen Komponenten bis hin zu ganzheitlichen Komplettl\u00f6sungen aus einer Hand.<\/p><p class=\"p1\">Der Marktplatz ist dabei weit mehr als eine Produktplattform: Er ist Treffpunkt fu\u0308r Kommunikation, Inspiration und Ideenaustausch. Fachpartner, Planer und Anwender begegnen sich hier, teilen Erfahrungen, diskutieren Anforderungen und entwickeln gemeinsam neue L\u00f6sungen fu\u0308r Sicht- und Sonnenschutz.<\/p><p class=\"p1\">Die gro\u00dfe Produktvielfalt erm\u00f6glicht ma\u00dfgeschneiderte Konzepte fu\u0308r unterschiedlichste Anforderungen und Einsatzbereiche. Erg\u00e4nzt wird das Angebot durch kompetente Beratung, technisches Knowhow und innovative Systeml\u00f6sungen, die Sicherheit, Komfort und Design miteinander verbinden.<\/p><p class=\"p1\">Ob funktionaler Schutz, gestalterische Freiheit oder perfekt aufeinander abgestimmte Systeme \u2013 auf dem GROWE\/ROLTEX Marktplatz wird Schutz nicht nur angeboten, sondern ganzheitlich gedacht, vernetzt und kontinuierlich weiterentwickelt. So entsteht ein lebendiger Ort, an dem Trends entstehen, Qualit\u00e4t w\u00e4chst und moderne Lebensr\u00e4ume aktiv mitgestaltet werden.<\/p>\t\t\t\t\t\t\t\t<\/div>\n\t\t\t\t<\/div>\n\t\t\t\t\t<\/div>\n\t\t<\/div>\n\t\t\t\t<div class=\"elementor-column elementor-col-50 elementor-inner-column elementor-element elementor-element-fbb7654\" data-id=\"fbb7654\" data-element_type=\"column\" data-e-type=\"column\">\n\t\t\t<div class=\"elementor-widget-wrap elementor-element-populated\">\n\t\t\t\t\t\t<div class=\"elementor-element elementor-element-8436c32 elementor-widget elementor-widget-text-editor\" data-id=\"8436c32\" data-element_type=\"widget\" data-e-type=\"widget\" data-widget_type=\"text-editor.default\">\n\t\t\t\t<div class=\"elementor-widget-container\">\n\t\t\t\t\t\t\t\t\t<p>Besonders spannend sind unsere Highlights:<\/p><ul><li class=\"p1\"><strong>PAKTO<sup>\u00ae<\/sup>Neubau-\/Aufsatzkasten mit neuer Stahl-Verst\u00e4rkungskonsole:<\/strong> Optimiert fu\u0308r h\u00f6chste Stabilit\u00e4t und Flexibilit\u00e4t. Die neue Konsole garantiert eine noch sichere Montage und eine verbesserte Effizienz.<\/li><li class=\"p1\"><strong>PAKTO<sup>\u00ae<\/sup>Raffstore SlimLine:<\/strong> Unsere neueste Entwicklung in der Raffstore-Technologie \u2013 besonders schlank<\/li><li class=\"p1\"><strong>SIEGENIA Belu\u0308ftungskonzept:<\/strong> Perfekte Kombination aus innovativer Lu\u0308ftungstechnik und Sicht-\/Sonnenschutz. Fu\u0308r eine natu\u0308rliche Belu\u0308ftung, ein gesundes Raumklima und bessere Energieeffizienz.<\/li><li class=\"p1\"><strong>SUN-TEX mit 90\u00b0 Ganzglasecke und Fassadenfu\u0308hrungsschiene:<\/strong> Elegantes Design und h\u00f6chste Funktionalit\u00e4t \u2013 schaffen Sie beeindruckende Fassadengestaltung mit unseren neuesten L\u00f6sungen.<\/li><li class=\"p1\"><strong>Neue Tuchkollektion \u201eTwilight\u201c:<\/strong> Nachhaltigkeit trifft auf modernes Design. Unsere neue Tuchkollektion bietet nicht nur \u00e4sthetische Vielfalt, sondern auch eine umweltfreundliche Alternative mit innovativen Materialien.<\/li><li class=\"p1\"><strong>Neue Fu\u0308hrungsschienen fu\u0308r absturzsichernde Verglasungen:<\/strong> Sicherheit und Design vereint \u2013 inklusive Dekoroptionen. Entdecken Sie unser neues ASV-Fu\u0308hrungsschienensystem in PVC und Aluminium.<\/li><li class=\"p1\"><strong>Rolltor mit Solar-Antrieb:<\/strong> Nachhaltig und zukunftsorientiert \u2013 das Solar-Rolltor ist energieautark und bietet eine praktische, umweltfreundliche L\u00f6sung.<\/li><li class=\"p1\"><strong>RESA-Renovierungskasten:<\/strong> Die perfekte L\u00f6sung fu\u0308r die Sanierung und Nachru\u0308stung von Sicht- und Sonnenschutzl\u00f6sungen in Bestandsgeb\u00e4uden.<\/li><\/ul>\t\t\t\t\t\t\t\t<\/div>\n\t\t\t\t<\/div>\n\t\t\t\t\t<\/div>\n\t\t<\/div>\n\t\t\t\t\t<\/div>\n\t\t<\/section>\n\t\t\t\t<section class=\"elementor-section elementor-inner-section elementor-element elementor-element-f943864 elementor-section-boxed elementor-section-height-default elementor-section-height-default\" data-id=\"f943864\" data-element_type=\"section\" data-e-type=\"section\">\n\t\t\t\t\t\t<div class=\"elementor-container elementor-column-gap-default\">\n\t\t\t\t\t<div class=\"elementor-column elementor-col-100 elementor-inner-column elementor-element elementor-element-0af547d\" data-id=\"0af547d\" data-element_type=\"column\" data-e-type=\"column\">\n\t\t\t<div class=\"elementor-widget-wrap elementor-element-populated\">\n\t\t\t\t\t\t<div class=\"elementor-element elementor-element-f97fea1 elementor-widget elementor-widget-image\" data-id=\"f97fea1\" data-element_type=\"widget\" data-e-type=\"widget\" data-widget_type=\"image.default\">\n\t\t\t\t<div class=\"elementor-widget-container\">\n\t\t\t\t\t\t\t\t\t\t\t\t\t\t\t<img fetchpriority=\"high\" decoding=\"async\" width=\"787\" height=\"157\" src=\"https:\/\/www.rollladen-growe.de\/wp-content\/uploads\/2026\/01\/2026_GRW_RTX_Email_Signatur_Fensterbau_2026-01-05.png\" class=\"attachment-large size-large wp-image-13420\" alt=\"\" srcset=\"https:\/\/www.rollladen-growe.de\/wp-content\/uploads\/2026\/01\/2026_GRW_RTX_Email_Signatur_Fensterbau_2026-01-05.png 787w, https:\/\/www.rollladen-growe.de\/wp-content\/uploads\/2026\/01\/2026_GRW_RTX_Email_Signatur_Fensterbau_2026-01-05-300x60.png 300w, https:\/\/www.rollladen-growe.de\/wp-content\/uploads\/2026\/01\/2026_GRW_RTX_Email_Signatur_Fensterbau_2026-01-05-768x153.png 768w\" sizes=\"(max-width: 787px) 100vw, 787px\" \/>\t\t\t\t\t\t\t\t\t\t\t\t\t\t\t<\/div>\n\t\t\t\t<\/div>\n\t\t\t\t\t<\/div>\n\t\t<\/div>\n\t\t\t\t\t<\/div>\n\t\t<\/section>\n\t\t\t\t<section class=\"elementor-section elementor-inner-section elementor-element elementor-element-e52c879 elementor-section-boxed elementor-section-height-default elementor-section-height-default\" data-id=\"e52c879\" data-element_type=\"section\" data-e-type=\"section\">\n\t\t\t\t\t\t<div class=\"elementor-container elementor-column-gap-default\">\n\t\t\t\t\t<div class=\"elementor-column elementor-col-100 elementor-inner-column elementor-element elementor-element-c707e90\" data-id=\"c707e90\" data-element_type=\"column\" data-e-type=\"column\">\n\t\t\t<div class=\"elementor-widget-wrap elementor-element-populated\">\n\t\t\t\t\t\t<div class=\"elementor-element elementor-element-1c7453d elementor-widget elementor-widget-text-editor\" data-id=\"1c7453d\" data-element_type=\"widget\" data-e-type=\"widget\" data-widget_type=\"text-editor.default\">\n\t\t\t\t<div class=\"elementor-widget-container\">\n\t\t\t\t\t\t\t\t\t<p class=\"p1\">Seien Sie dabei und entdecken Sie die Zukunft des Sicht- und Sonnenschutzes auf unserem GROWE\/ROLTEX Marktplatz.<\/p><p class=\"p1\">Lassen Sie uns pers\u00f6nlich u\u0308ber Trends, Innovationen und Entwicklungen sprechen \u2013 auf der <strong>Weltleitmesse fu\u0308r Fenster, Tu\u0308ren und Fassaden vom 24. bis 27. M\u00e4rz 2026 in Nu\u0308rnberg<\/strong>. Sie finden uns in <strong>Halle 7, Stand 7-227<\/strong>.<\/p><p class=\"p1\">Wir nehmen uns gerne Zeit fu\u0308r Ihre individuellen Fragen und Wu\u0308nsche. Fu\u0308r Ihr leibliches Wohl ist selbstverst\u00e4ndlich auch gesorgt.<\/p><p class=\"p1\">Ihren zust\u00e4ndigen Ansprechpartner im Au\u00dfendienst k\u00f6nnen Sie an folgenden Messetagen auf unserem Stand antreffen:<\/p>\t\t\t\t\t\t\t\t<\/div>\n\t\t\t\t<\/div>\n\t\t\t\t\t<\/div>\n\t\t<\/div>\n\t\t\t\t\t<\/div>\n\t\t<\/section>\n\t\t\t\t<section class=\"elementor-section elementor-inner-section elementor-element elementor-element-09fc304 elementor-section-boxed elementor-section-height-default elementor-section-height-default\" data-id=\"09fc304\" data-element_type=\"section\" data-e-type=\"section\">\n\t\t\t\t\t\t<div class=\"elementor-container elementor-column-gap-default\">\n\t\t\t\t\t<div class=\"elementor-column elementor-col-50 elementor-inner-column elementor-element elementor-element-9f59864\" data-id=\"9f59864\" data-element_type=\"column\" data-e-type=\"column\">\n\t\t\t<div class=\"elementor-widget-wrap elementor-element-populated\">\n\t\t\t\t\t\t<div class=\"elementor-element elementor-element-70558bc elementor-widget elementor-widget-text-editor\" data-id=\"70558bc\" data-element_type=\"widget\" data-e-type=\"widget\" data-widget_type=\"text-editor.default\">\n\t\t\t\t<div class=\"elementor-widget-container\">\n\t\t\t\t\t\t\t\t\t<p class=\"p1\"><strong>Dienstag, 24.03.2026 und Mittwoch, 25.03.2026<\/strong><\/p><p class=\"p1\">Standort Bar\u00dfel: Hannes Koopmann, Wolfgang Regge, Christian Staak<br \/>Standort Wittstock: Lars Asmu\u00df, Thomas Lenz<br \/><span style=\"font-family: -apple-system, BlinkMacSystemFont, 'Segoe UI', Roboto, 'Helvetica Neue', Arial, 'Noto Sans', sans-serif, 'Apple Color Emoji', 'Segoe UI Emoji', 'Segoe UI Symbol', 'Noto Color Emoji';\">Standort Roltex: Andreas Baum, Alexander Fischer, Sonja R\u00f6der<\/span><\/p><p class=\"p1\"><strong>Donnerstag, 26.03.2026 und Freitag, 27.03.2026<\/strong><\/p><p class=\"p1\">Standort Bar\u00dfel: Jennifer Holz, Jonas Follrichs, Holger Furch, Thomas Sch\u00f6nfelder<br \/>Standort Wittstock: Sebastian Mann, Peter Marx, Sandro Budschulowski<br \/>Standort Nienburg: Sebastian Mann<br \/>Standort Roltex: Robert Rippich, Michael Sagmeister, Alexander Sauff<\/p>\t\t\t\t\t\t\t\t<\/div>\n\t\t\t\t<\/div>\n\t\t\t\t\t<\/div>\n\t\t<\/div>\n\t\t\t\t<div class=\"elementor-column elementor-col-50 elementor-inner-column elementor-element elementor-element-842844d\" data-id=\"842844d\" data-element_type=\"column\" data-e-type=\"column\" data-settings=\"{&quot;background_background&quot;:&quot;classic&quot;}\">\n\t\t\t<div class=\"elementor-widget-wrap elementor-element-populated\">\n\t\t\t\t\t\t<div class=\"elementor-element elementor-element-63bd510 elementor-widget elementor-widget-spacer\" data-id=\"63bd510\" data-element_type=\"widget\" data-e-type=\"widget\" data-widget_type=\"spacer.default\">\n\t\t\t\t<div class=\"elementor-widget-container\">\n\t\t\t\t\t\t\t<div class=\"elementor-spacer\">\n\t\t\t<div class=\"elementor-spacer-inner\"><\/div>\n\t\t<\/div>\n\t\t\t\t\t\t<\/div>\n\t\t\t\t<\/div>\n\t\t\t\t\t<\/div>\n\t\t<\/div>\n\t\t\t\t\t<\/div>\n\t\t<\/section>\n\t\t\t\t<section class=\"elementor-section elementor-inner-section elementor-element elementor-element-2f42bab elementor-section-boxed elementor-section-height-default elementor-section-height-default\" data-id=\"2f42bab\" data-element_type=\"section\" data-e-type=\"section\">\n\t\t\t\t\t\t<div class=\"elementor-container elementor-column-gap-default\">\n\t\t\t\t\t<div class=\"elementor-column elementor-col-100 elementor-inner-column elementor-element elementor-element-60029eb\" data-id=\"60029eb\" data-element_type=\"column\" data-e-type=\"column\">\n\t\t\t<div class=\"elementor-widget-wrap elementor-element-populated\">\n\t\t\t\t\t\t<div class=\"elementor-element elementor-element-764c167 elementor-widget elementor-widget-text-editor\" data-id=\"764c167\" data-element_type=\"widget\" data-e-type=\"widget\" data-widget_type=\"text-editor.default\">\n\t\t\t\t<div class=\"elementor-widget-container\">\n\t\t\t\t\t\t\t\t\t<p class=\"p1\"><strong>Vorbeikommen. Austauschen. Mehr erfahren.<\/strong> Ihr pers\u00f6nlicher Ansprechpartner im Au\u00dfendienst freut sich darauf, Ihren Messebesuch mit Ihnen abzustimmen. <strong>Noch kein E-Ticket? Sprechen sie einfach Ihren Ansprechpartner an.<\/strong><\/p><p class=\"p1\">Wir freuen uns auf Ihren Besuch!<\/p><p class=\"p1\">Ihr GROWE\/ROLTEX-Team<\/p>\t\t\t\t\t\t\t\t<\/div>\n\t\t\t\t<\/div>\n\t\t\t\t\t<\/div>\n\t\t<\/div>\n\t\t\t\t\t<\/div>\n\t\t<\/section>\n\t\t\t\t\t<\/div>\n\t\t<\/div>\n\t\t\t\t\t<\/div>\n\t\t<\/section>\n\t\t\t\t<\/div>\n\t\t","protected":false},"excerpt":{"rendered":"<p>Unter dem Motto \u201eMarktplatz fu\u0308r Sicht- und Sonnenschutz: weitergedacht, l\u00f6sungsorientiert, effizient\u201c pr\u00e4sentieren wir unsere Neuheiten zum Anfassen und Ausprobieren.<\/p>\n","protected":false},"author":7,"featured_media":13452,"comment_status":"closed","ping_status":"closed","sticky":false,"template":"","format":"standard","meta":{"_acf_changed":false,"footnotes":""},"categories":[139,222],"tags":[],"class_list":["post-13419","post","type-post","status-publish","format-standard","has-post-thumbnail","hentry","category-newsletter","category-2026-01"],"acf":[],"_links":{"self":[{"href":"https:\/\/www.rollladen-growe.de\/api\/wp\/v2\/posts\/13419","targetHints":{"allow":["GET"]}}],"collection":[{"href":"https:\/\/www.rollladen-growe.de\/api\/wp\/v2\/posts"}],"about":[{"href":"https:\/\/www.rollladen-growe.de\/api\/wp\/v2\/types\/post"}],"author":[{"embeddable":true,"href":"https:\/\/www.rollladen-growe.de\/api\/wp\/v2\/users\/7"}],"replies":[{"embeddable":true,"href":"https:\/\/www.rollladen-growe.de\/api\/wp\/v2\/comments?post=13419"}],"version-history":[{"count":21,"href":"https:\/\/www.rollladen-growe.de\/api\/wp\/v2\/posts\/13419\/revisions"}],"predecessor-version":[{"id":13464,"href":"https:\/\/www.rollladen-growe.de\/api\/wp\/v2\/posts\/13419\/revisions\/13464"}],"wp:featuredmedia":[{"embeddable":true,"href":"https:\/\/www.rollladen-growe.de\/api\/wp\/v2\/media\/13452"}],"wp:attachment":[{"href":"https:\/\/www.rollladen-growe.de\/api\/wp\/v2\/media?parent=13419"}],"wp:term":[{"taxonomy":"category","embeddable":true,"href":"https:\/\/www.rollladen-growe.de\/api\/wp\/v2\/categories?post=13419"},{"taxonomy":"post_tag","embeddable":true,"href":"https:\/\/www.rollladen-growe.de\/api\/wp\/v2\/tags?post=13419"}],"curies":[{"name":"wp","href":"https:\/\/api.w.org\/{rel}","templated":true}]}}