{"id":12520,"date":"2025-01-24T13:44:38","date_gmt":"2025-01-24T12:44:38","guid":{"rendered":"https:\/\/www.rollladen-growe.de\/?p=12520"},"modified":"2025-01-24T14:24:32","modified_gmt":"2025-01-24T13:24:32","slug":"abverkauf-pl1-plissee-fuer-tueren-zum-31-03-2025","status":"publish","type":"post","link":"https:\/\/www.rollladen-growe.de\/abverkauf-pl1-plissee-fuer-tueren-zum-31-03-2025\/","title":{"rendered":"Abverkauf PL1 \u2013 Plissee f\u00fcr T\u00fcren zum 31.03.2025"},"content":{"rendered":"\t\t<div data-elementor-type=\"wp-post\" data-elementor-id=\"12520\" class=\"elementor elementor-12520\" data-elementor-post-type=\"post\">\n\t\t\t\t\t\t<section class=\"elementor-section elementor-top-section elementor-element elementor-element-4376caf elementor-section-boxed elementor-section-height-default elementor-section-height-default\" data-id=\"4376caf\" data-element_type=\"section\" data-e-type=\"section\">\n\t\t\t\t\t\t<div class=\"elementor-container elementor-column-gap-default\">\n\t\t\t\t\t<div class=\"elementor-column elementor-col-100 elementor-top-column elementor-element elementor-element-1f2f04b\" data-id=\"1f2f04b\" data-element_type=\"column\" data-e-type=\"column\">\n\t\t\t<div class=\"elementor-widget-wrap elementor-element-populated\">\n\t\t\t\t\t\t<section class=\"elementor-section elementor-inner-section elementor-element elementor-element-5aa3ca8 elementor-section-boxed elementor-section-height-default elementor-section-height-default\" data-id=\"5aa3ca8\" data-element_type=\"section\" data-e-type=\"section\">\n\t\t\t\t\t\t<div class=\"elementor-container elementor-column-gap-default\">\n\t\t\t\t\t<div class=\"elementor-column elementor-col-50 elementor-inner-column elementor-element elementor-element-f380fd0\" data-id=\"f380fd0\" data-element_type=\"column\" data-e-type=\"column\">\n\t\t\t<div class=\"elementor-widget-wrap elementor-element-populated\">\n\t\t\t\t\t\t<div class=\"elementor-element elementor-element-7a1c4b6 elementor-widget elementor-widget-button\" data-id=\"7a1c4b6\" data-element_type=\"widget\" data-e-type=\"widget\" data-widget_type=\"button.default\">\n\t\t\t\t<div class=\"elementor-widget-container\">\n\t\t\t\t\t\t\t\t\t<div class=\"elementor-button-wrapper\">\n\t\t\t\t\t<a class=\"elementor-button elementor-button-link elementor-size-sm\" href=\"https:\/\/www.rollladen-growe.de\/newsletter\/2025-01\/\">\n\t\t\t\t\t\t<span class=\"elementor-button-content-wrapper\">\n\t\t\t\t\t\t<span class=\"elementor-button-icon\">\n\t\t\t\t<i aria-hidden=\"true\" class=\"fas fa-arrow-left\"><\/i>\t\t\t<\/span>\n\t\t\t\t\t\t\t\t\t<span class=\"elementor-button-text\">Zur\u00fcck zur \u00dcbersicht<\/span>\n\t\t\t\t\t<\/span>\n\t\t\t\t\t<\/a>\n\t\t\t\t<\/div>\n\t\t\t\t\t\t\t\t<\/div>\n\t\t\t\t<\/div>\n\t\t\t\t\t<\/div>\n\t\t<\/div>\n\t\t\t\t<div class=\"elementor-column elementor-col-50 elementor-inner-column elementor-element elementor-element-f1bc878\" data-id=\"f1bc878\" data-element_type=\"column\" data-e-type=\"column\">\n\t\t\t<div class=\"elementor-widget-wrap\">\n\t\t\t\t\t\t\t<\/div>\n\t\t<\/div>\n\t\t\t\t\t<\/div>\n\t\t<\/section>\n\t\t\t\t<section class=\"elementor-section elementor-inner-section elementor-element elementor-element-eafe3f6 elementor-section-boxed elementor-section-height-default elementor-section-height-default\" data-id=\"eafe3f6\" data-element_type=\"section\" data-e-type=\"section\">\n\t\t\t\t\t\t<div class=\"elementor-container elementor-column-gap-default\">\n\t\t\t\t\t<div class=\"elementor-column elementor-col-100 elementor-inner-column elementor-element elementor-element-78efaf1\" data-id=\"78efaf1\" data-element_type=\"column\" data-e-type=\"column\">\n\t\t\t<div class=\"elementor-widget-wrap elementor-element-populated\">\n\t\t\t\t\t\t<div class=\"elementor-element elementor-element-051b3c8 elementor-widget elementor-widget-heading\" data-id=\"051b3c8\" data-element_type=\"widget\" data-e-type=\"widget\" data-widget_type=\"heading.default\">\n\t\t\t\t<div class=\"elementor-widget-container\">\n\t\t\t\t\t<h1 class=\"elementor-heading-title elementor-size-default\">Abverkauf PL1 \u2013 Plissee f\u00fcr T\u00fcren zum 31.03.2025<\/h1>\t\t\t\t<\/div>\n\t\t\t\t<\/div>\n\t\t\t\t<div class=\"elementor-element elementor-element-5cfa156 elementor-widget elementor-widget-heading\" data-id=\"5cfa156\" data-element_type=\"widget\" data-e-type=\"widget\" data-widget_type=\"heading.default\">\n\t\t\t\t<div class=\"elementor-widget-container\">\n\t\t\t\t\t<h2 class=\"elementor-heading-title elementor-size-default\">Allgemeine Kundeninformation \n<\/h2>\t\t\t\t<\/div>\n\t\t\t\t<\/div>\n\t\t\t\t\t<\/div>\n\t\t<\/div>\n\t\t\t\t\t<\/div>\n\t\t<\/section>\n\t\t\t\t\t<\/div>\n\t\t<\/div>\n\t\t\t\t\t<\/div>\n\t\t<\/section>\n\t\t\t\t<section class=\"elementor-section elementor-top-section elementor-element elementor-element-c03b894 elementor-section-boxed elementor-section-height-default elementor-section-height-default\" data-id=\"c03b894\" data-element_type=\"section\" data-e-type=\"section\">\n\t\t\t\t\t\t<div class=\"elementor-container elementor-column-gap-default\">\n\t\t\t\t\t<div class=\"elementor-column elementor-col-100 elementor-top-column elementor-element elementor-element-6fe5404\" data-id=\"6fe5404\" data-element_type=\"column\" data-e-type=\"column\">\n\t\t\t<div class=\"elementor-widget-wrap elementor-element-populated\">\n\t\t\t\t\t\t<section class=\"elementor-section elementor-inner-section elementor-element elementor-element-c8895ec elementor-section-boxed elementor-section-height-default elementor-section-height-default\" data-id=\"c8895ec\" data-element_type=\"section\" data-e-type=\"section\">\n\t\t\t\t\t\t<div class=\"elementor-container elementor-column-gap-extended\">\n\t\t\t\t\t<div class=\"elementor-column elementor-col-50 elementor-inner-column elementor-element elementor-element-ea450c9\" data-id=\"ea450c9\" data-element_type=\"column\" data-e-type=\"column\">\n\t\t\t<div class=\"elementor-widget-wrap elementor-element-populated\">\n\t\t\t\t\t\t<div class=\"elementor-element elementor-element-b370212 elementor-widget elementor-widget-text-editor\" data-id=\"b370212\" data-element_type=\"widget\" data-e-type=\"widget\" data-widget_type=\"text-editor.default\">\n\t\t\t\t<div class=\"elementor-widget-container\">\n\t\t\t\t\t\t\t\t\t<div id=\"c2818\" class=\"container-fluid\"><div id=\"c2762\" class=\"container-fluid\"><div class=\" col-md-6 \"><div id=\"c2705\" class=\"container-fluid\"><div id=\"c2707\" class=\"container-fluid\"><div class=\" col-md-6 \"><div id=\"c2729\" class=\"container-fluid\"><div class=\" col-md-6 \"><div id=\"c2321\" class=\"container-fluid\"><div class=\" col-md-6 \"><div id=\"c2335\" class=\"container-fluid\"><div class=\" col-md-6 \"><div id=\"c2238\" class=\"container-fluid\"><div class=\" col-md-6 \"><div id=\"c2153\" class=\"container-fluid\"><div class=\" col-md-6 \"><div id=\"c2063\" class=\"container-fluid\"><div class=\" col-md-6 \"><div id=\"c2078\" class=\"container-fluid\"><div class=\" col-md-6 \"><div id=\"c2077\" class=\"container-fluid\"><div class=\" col-md-6 \"><div id=\"c2087\" class=\"container-fluid\"><div class=\" col-md-6 \"><div id=\"c1964\" class=\"container-fluid\"><div class=\" col-md-6 \"><div id=\"c1961\" class=\"container-fluid\"><div id=\"c1934\" class=\"container-fluid\"><div id=\"c1999\" class=\"container-fluid\"><div id=\"c1998\" class=\"container-fluid\"><p class=\"p1\">Die Produktserie Plissee PL1 f\u00fcr T\u00fcren wird abverkauft und zum 01.04.2025 aus dem Programm genommen. In dem aktuellen Insektenschutzkatalog (\u201eStand 08\/24\u201c) ist das PL1 bereits nicht mehr enthalten.<\/p><p class=\"p1\">Das PL1 wird durch das PL2 ersetzt und ist bereits im aktuellen Insektenschutzkatalog entsprechend dokumentiert. Vorhandene Lagerbest\u00e4nde werden abgearbeitet. Die Lieferung von PL1 erfolgt nur noch bis Ende M\u00e4rz nach Verf\u00fcgbarkeit beim Lieferanten &#8211; eingehende Bestellungen werden wir dann aktiv auf das PL2 umstellen.<\/p><p>Die Artikel 5609; 5606 und 5603 sind optional einsetzbar und k\u00f6nnen nach Vorgabe in der Bestellung entsprechend geliefert werden.<\/p><\/div><\/div><\/div><\/div><\/div><\/div><\/div><\/div><\/div><\/div><\/div><\/div><\/div><\/div><\/div><\/div><\/div><\/div><\/div><\/div><\/div><\/div><\/div><\/div><\/div><\/div><\/div><\/div><\/div><\/div>\t\t\t\t\t\t\t\t<\/div>\n\t\t\t\t<\/div>\n\t\t\t\t\t<\/div>\n\t\t<\/div>\n\t\t\t\t<div class=\"elementor-column elementor-col-50 elementor-inner-column elementor-element elementor-element-fbb7654\" data-id=\"fbb7654\" data-element_type=\"column\" data-e-type=\"column\">\n\t\t\t<div class=\"elementor-widget-wrap elementor-element-populated\">\n\t\t\t\t\t\t<div class=\"elementor-element elementor-element-559d443 elementor-widget elementor-widget-image\" data-id=\"559d443\" data-element_type=\"widget\" data-e-type=\"widget\" data-widget_type=\"image.default\">\n\t\t\t\t<div class=\"elementor-widget-container\">\n\t\t\t\t\t\t\t\t\t\t\t\t\t\t\t<img fetchpriority=\"high\" decoding=\"async\" width=\"800\" height=\"534\" src=\"https:\/\/www.rollladen-growe.de\/wp-content\/uploads\/2025\/01\/PL1_Neher-1024x683.jpg\" class=\"attachment-large size-large wp-image-12523\" alt=\"\" srcset=\"https:\/\/www.rollladen-growe.de\/wp-content\/uploads\/2025\/01\/PL1_Neher-1024x683.jpg 1024w, https:\/\/www.rollladen-growe.de\/wp-content\/uploads\/2025\/01\/PL1_Neher-300x200.jpg 300w, https:\/\/www.rollladen-growe.de\/wp-content\/uploads\/2025\/01\/PL1_Neher-768x512.jpg 768w, https:\/\/www.rollladen-growe.de\/wp-content\/uploads\/2025\/01\/PL1_Neher-1536x1024.jpg 1536w, https:\/\/www.rollladen-growe.de\/wp-content\/uploads\/2025\/01\/PL1_Neher-2048x1365.jpg 2048w\" sizes=\"(max-width: 800px) 100vw, 800px\" \/>\t\t\t\t\t\t\t\t\t\t\t\t\t\t\t<\/div>\n\t\t\t\t<\/div>\n\t\t\t\t<div class=\"elementor-element elementor-element-bfbe4be elementor-widget elementor-widget-text-editor\" data-id=\"bfbe4be\" data-element_type=\"widget\" data-e-type=\"widget\" data-widget_type=\"text-editor.default\">\n\t\t\t\t<div class=\"elementor-widget-container\">\n\t\t\t\t\t\t\t\t\t<p class=\"p1\">Markantes Merkmal am PL1 ist die Gliederkette.<\/p>\t\t\t\t\t\t\t\t<\/div>\n\t\t\t\t<\/div>\n\t\t\t\t<div class=\"elementor-element elementor-element-7795556 elementor-widget elementor-widget-image\" data-id=\"7795556\" data-element_type=\"widget\" data-e-type=\"widget\" data-widget_type=\"image.default\">\n\t\t\t\t<div class=\"elementor-widget-container\">\n\t\t\t\t\t\t\t\t\t\t\t\t\t\t\t<img decoding=\"async\" width=\"800\" height=\"319\" src=\"https:\/\/www.rollladen-growe.de\/wp-content\/uploads\/2025\/01\/PL2_Neher_-1024x408.jpg\" class=\"attachment-large size-large wp-image-12525\" alt=\"\" srcset=\"https:\/\/www.rollladen-growe.de\/wp-content\/uploads\/2025\/01\/PL2_Neher_-1024x408.jpg 1024w, https:\/\/www.rollladen-growe.de\/wp-content\/uploads\/2025\/01\/PL2_Neher_-300x119.jpg 300w, https:\/\/www.rollladen-growe.de\/wp-content\/uploads\/2025\/01\/PL2_Neher_-768x306.jpg 768w, https:\/\/www.rollladen-growe.de\/wp-content\/uploads\/2025\/01\/PL2_Neher_-1536x611.jpg 1536w, https:\/\/www.rollladen-growe.de\/wp-content\/uploads\/2025\/01\/PL2_Neher_-2048x815.jpg 2048w\" sizes=\"(max-width: 800px) 100vw, 800px\" \/>\t\t\t\t\t\t\t\t\t\t\t\t\t\t\t<\/div>\n\t\t\t\t<\/div>\n\t\t\t\t<div class=\"elementor-element elementor-element-7a7ea68 elementor-widget elementor-widget-text-editor\" data-id=\"7a7ea68\" data-element_type=\"widget\" data-e-type=\"widget\" data-widget_type=\"text-editor.default\">\n\t\t\t\t<div class=\"elementor-widget-container\">\n\t\t\t\t\t\t\t\t\t<p class=\"p1\">PL2 mit reduzierter Bautiefe, geringere Rahmenansichten f\u00fcr mehr Durchsicht und einfachere Montage<\/p>\t\t\t\t\t\t\t\t<\/div>\n\t\t\t\t<\/div>\n\t\t\t\t\t<\/div>\n\t\t<\/div>\n\t\t\t\t\t<\/div>\n\t\t<\/section>\n\t\t\t\t<section class=\"elementor-section elementor-inner-section elementor-element elementor-element-0a19414 elementor-section-boxed elementor-section-height-default elementor-section-height-default\" data-id=\"0a19414\" data-element_type=\"section\" data-e-type=\"section\">\n\t\t\t\t\t\t<div class=\"elementor-container elementor-column-gap-extended\">\n\t\t\t\t\t<div class=\"elementor-column elementor-col-50 elementor-inner-column elementor-element elementor-element-c108bd3\" data-id=\"c108bd3\" data-element_type=\"column\" data-e-type=\"column\">\n\t\t\t<div class=\"elementor-widget-wrap\">\n\t\t\t\t\t\t\t<\/div>\n\t\t<\/div>\n\t\t\t\t<div class=\"elementor-column elementor-col-50 elementor-inner-column elementor-element elementor-element-1c609da\" data-id=\"1c609da\" data-element_type=\"column\" data-e-type=\"column\">\n\t\t\t<div class=\"elementor-widget-wrap\">\n\t\t\t\t\t\t\t<\/div>\n\t\t<\/div>\n\t\t\t\t\t<\/div>\n\t\t<\/section>\n\t\t\t\t<section class=\"elementor-section elementor-inner-section elementor-element elementor-element-f943864 elementor-section-boxed elementor-section-height-default elementor-section-height-default\" data-id=\"f943864\" data-element_type=\"section\" data-e-type=\"section\">\n\t\t\t\t\t\t<div class=\"elementor-container elementor-column-gap-default\">\n\t\t\t\t\t<div class=\"elementor-column elementor-col-50 elementor-inner-column elementor-element elementor-element-0af547d\" data-id=\"0af547d\" data-element_type=\"column\" data-e-type=\"column\">\n\t\t\t<div class=\"elementor-widget-wrap elementor-element-populated\">\n\t\t\t\t\t\t<div class=\"elementor-element elementor-element-152165c elementor-align-left elementor-widget elementor-widget-button\" data-id=\"152165c\" data-element_type=\"widget\" data-e-type=\"widget\" data-widget_type=\"button.default\">\n\t\t\t\t<div class=\"elementor-widget-container\">\n\t\t\t\t\t\t\t\t\t<div class=\"elementor-button-wrapper\">\n\t\t\t\t\t<a class=\"elementor-button elementor-button-link elementor-size-sm\" href=\"https:\/\/www.rollladen-growe.de\/funkwandsender-amy-io-von-somfy\/\">\n\t\t\t\t\t\t<span class=\"elementor-button-content-wrapper\">\n\t\t\t\t\t\t<span class=\"elementor-button-icon\">\n\t\t\t\t<i aria-hidden=\"true\" class=\"fas fa-arrow-left\"><\/i>\t\t\t<\/span>\n\t\t\t\t\t\t\t\t\t<span class=\"elementor-button-text\">Funkwandsender Amy io von Somfy <\/span>\n\t\t\t\t\t<\/span>\n\t\t\t\t\t<\/a>\n\t\t\t\t<\/div>\n\t\t\t\t\t\t\t\t<\/div>\n\t\t\t\t<\/div>\n\t\t\t\t\t<\/div>\n\t\t<\/div>\n\t\t\t\t<div class=\"elementor-column elementor-col-50 elementor-inner-column elementor-element elementor-element-8ca40d2\" data-id=\"8ca40d2\" data-element_type=\"column\" data-e-type=\"column\">\n\t\t\t<div class=\"elementor-widget-wrap elementor-element-populated\">\n\t\t\t\t\t\t<div class=\"elementor-element elementor-element-ac4ada6 elementor-align-right elementor-widget elementor-widget-button\" data-id=\"ac4ada6\" data-element_type=\"widget\" data-e-type=\"widget\" data-widget_type=\"button.default\">\n\t\t\t\t<div class=\"elementor-widget-container\">\n\t\t\t\t\t\t\t\t\t<div class=\"elementor-button-wrapper\">\n\t\t\t\t\t<a class=\"elementor-button elementor-button-link elementor-size-sm\" href=\"https:\/\/www.rollladen-growe.de\/service-anpassung-der-stundensaetze\/\">\n\t\t\t\t\t\t<span class=\"elementor-button-content-wrapper\">\n\t\t\t\t\t\t<span class=\"elementor-button-icon\">\n\t\t\t\t<i aria-hidden=\"true\" class=\"fas fa-arrow-right\"><\/i>\t\t\t<\/span>\n\t\t\t\t\t\t\t\t\t<span class=\"elementor-button-text\">Service Anpassung der Stundens\u00e4tze<\/span>\n\t\t\t\t\t<\/span>\n\t\t\t\t\t<\/a>\n\t\t\t\t<\/div>\n\t\t\t\t\t\t\t\t<\/div>\n\t\t\t\t<\/div>\n\t\t\t\t\t<\/div>\n\t\t<\/div>\n\t\t\t\t\t<\/div>\n\t\t<\/section>\n\t\t\t\t\t<\/div>\n\t\t<\/div>\n\t\t\t\t\t<\/div>\n\t\t<\/section>\n\t\t\t\t<\/div>\n\t\t","protected":false},"excerpt":{"rendered":"<p>Die Produktserie Plissee PL1 f\u00fcr T\u00fcren wird abverkauft und zum 01.04.2025 aus dem Programm genommen.<\/p>\n","protected":false},"author":7,"featured_media":12521,"comment_status":"closed","ping_status":"closed","sticky":false,"template":"","format":"standard","meta":{"_acf_changed":false,"footnotes":""},"categories":[139,209],"tags":[],"class_list":["post-12520","post","type-post","status-publish","format-standard","has-post-thumbnail","hentry","category-newsletter","category-2025-01"],"acf":[],"_links":{"self":[{"href":"https:\/\/www.rollladen-growe.de\/api\/wp\/v2\/posts\/12520","targetHints":{"allow":["GET"]}}],"collection":[{"href":"https:\/\/www.rollladen-growe.de\/api\/wp\/v2\/posts"}],"about":[{"href":"https:\/\/www.rollladen-growe.de\/api\/wp\/v2\/types\/post"}],"author":[{"embeddable":true,"href":"https:\/\/www.rollladen-growe.de\/api\/wp\/v2\/users\/7"}],"replies":[{"embeddable":true,"href":"https:\/\/www.rollladen-growe.de\/api\/wp\/v2\/comments?post=12520"}],"version-history":[{"count":10,"href":"https:\/\/www.rollladen-growe.de\/api\/wp\/v2\/posts\/12520\/revisions"}],"predecessor-version":[{"id":12590,"href":"https:\/\/www.rollladen-growe.de\/api\/wp\/v2\/posts\/12520\/revisions\/12590"}],"wp:featuredmedia":[{"embeddable":true,"href":"https:\/\/www.rollladen-growe.de\/api\/wp\/v2\/media\/12521"}],"wp:attachment":[{"href":"https:\/\/www.rollladen-growe.de\/api\/wp\/v2\/media?parent=12520"}],"wp:term":[{"taxonomy":"category","embeddable":true,"href":"https:\/\/www.rollladen-growe.de\/api\/wp\/v2\/categories?post=12520"},{"taxonomy":"post_tag","embeddable":true,"href":"https:\/\/www.rollladen-growe.de\/api\/wp\/v2\/tags?post=12520"}],"curies":[{"name":"wp","href":"https:\/\/api.w.org\/{rel}","templated":true}]}}