{"id":10784,"date":"2023-11-08T08:46:09","date_gmt":"2023-11-08T07:46:09","guid":{"rendered":"https:\/\/www.rollladen-growe.de\/?p=10784"},"modified":"2023-11-09T11:47:58","modified_gmt":"2023-11-09T10:47:58","slug":"neues-basisprofil-schwarz-weiss-im-system-pakto","status":"publish","type":"post","link":"https:\/\/www.rollladen-growe.de\/neues-basisprofil-schwarz-weiss-im-system-pakto\/","title":{"rendered":"Neues Basisprofil \u201eschwarz-wei\u00df\u201c im System PAKTO<sup>\u00ae<\/sup>"},"content":{"rendered":"\t\t<div data-elementor-type=\"wp-post\" data-elementor-id=\"10784\" class=\"elementor elementor-10784\" data-elementor-post-type=\"post\">\n\t\t\t\t\t\t<section class=\"elementor-section elementor-top-section elementor-element elementor-element-4376caf elementor-section-boxed elementor-section-height-default elementor-section-height-default\" data-id=\"4376caf\" data-element_type=\"section\" data-e-type=\"section\">\n\t\t\t\t\t\t<div class=\"elementor-container elementor-column-gap-default\">\n\t\t\t\t\t<div class=\"elementor-column elementor-col-100 elementor-top-column elementor-element elementor-element-1f2f04b\" data-id=\"1f2f04b\" data-element_type=\"column\" data-e-type=\"column\">\n\t\t\t<div class=\"elementor-widget-wrap elementor-element-populated\">\n\t\t\t\t\t\t<section class=\"elementor-section elementor-inner-section elementor-element elementor-element-5aa3ca8 elementor-section-boxed elementor-section-height-default elementor-section-height-default\" data-id=\"5aa3ca8\" data-element_type=\"section\" data-e-type=\"section\">\n\t\t\t\t\t\t<div class=\"elementor-container elementor-column-gap-default\">\n\t\t\t\t\t<div class=\"elementor-column elementor-col-50 elementor-inner-column elementor-element elementor-element-f380fd0\" data-id=\"f380fd0\" data-element_type=\"column\" data-e-type=\"column\">\n\t\t\t<div class=\"elementor-widget-wrap elementor-element-populated\">\n\t\t\t\t\t\t<div class=\"elementor-element elementor-element-7a1c4b6 elementor-widget elementor-widget-button\" data-id=\"7a1c4b6\" data-element_type=\"widget\" data-e-type=\"widget\" data-widget_type=\"button.default\">\n\t\t\t\t<div class=\"elementor-widget-container\">\n\t\t\t\t\t\t\t\t\t<div class=\"elementor-button-wrapper\">\n\t\t\t\t\t<a class=\"elementor-button elementor-button-link elementor-size-sm\" href=\"https:\/\/www.rollladen-growe.de\/newsletter\/2023-04\/\">\n\t\t\t\t\t\t<span class=\"elementor-button-content-wrapper\">\n\t\t\t\t\t\t<span class=\"elementor-button-icon\">\n\t\t\t\t<i aria-hidden=\"true\" class=\"fas fa-arrow-left\"><\/i>\t\t\t<\/span>\n\t\t\t\t\t\t\t\t\t<span class=\"elementor-button-text\">Zur\u00fcck zur \u00dcbersicht<\/span>\n\t\t\t\t\t<\/span>\n\t\t\t\t\t<\/a>\n\t\t\t\t<\/div>\n\t\t\t\t\t\t\t\t<\/div>\n\t\t\t\t<\/div>\n\t\t\t\t\t<\/div>\n\t\t<\/div>\n\t\t\t\t<div class=\"elementor-column elementor-col-50 elementor-inner-column elementor-element elementor-element-f1bc878\" data-id=\"f1bc878\" data-element_type=\"column\" data-e-type=\"column\">\n\t\t\t<div class=\"elementor-widget-wrap\">\n\t\t\t\t\t\t\t<\/div>\n\t\t<\/div>\n\t\t\t\t\t<\/div>\n\t\t<\/section>\n\t\t\t\t<section class=\"elementor-section elementor-inner-section elementor-element elementor-element-eafe3f6 elementor-section-boxed elementor-section-height-default elementor-section-height-default\" data-id=\"eafe3f6\" data-element_type=\"section\" data-e-type=\"section\">\n\t\t\t\t\t\t<div class=\"elementor-container elementor-column-gap-default\">\n\t\t\t\t\t<div class=\"elementor-column elementor-col-100 elementor-inner-column elementor-element elementor-element-78efaf1\" data-id=\"78efaf1\" data-element_type=\"column\" data-e-type=\"column\">\n\t\t\t<div class=\"elementor-widget-wrap elementor-element-populated\">\n\t\t\t\t\t\t<div class=\"elementor-element elementor-element-051b3c8 elementor-widget elementor-widget-heading\" data-id=\"051b3c8\" data-element_type=\"widget\" data-e-type=\"widget\" data-widget_type=\"heading.default\">\n\t\t\t\t<div class=\"elementor-widget-container\">\n\t\t\t\t\t<h1 class=\"elementor-heading-title elementor-size-default\">Neues Basisprofil \u201eschwarz-wei\u00df\u201c im System PAKTO<sup>\u00ae<\/sup><\/h1>\t\t\t\t<\/div>\n\t\t\t\t<\/div>\n\t\t\t\t<div class=\"elementor-element elementor-element-5cfa156 elementor-widget elementor-widget-heading\" data-id=\"5cfa156\" data-element_type=\"widget\" data-e-type=\"widget\" data-widget_type=\"heading.default\">\n\t\t\t\t<div class=\"elementor-widget-container\">\n\t\t\t\t\t<h2 class=\"elementor-heading-title elementor-size-default\">Information \u00fcber technische Anpassungen <\/h2>\t\t\t\t<\/div>\n\t\t\t\t<\/div>\n\t\t\t\t\t<\/div>\n\t\t<\/div>\n\t\t\t\t\t<\/div>\n\t\t<\/section>\n\t\t\t\t\t<\/div>\n\t\t<\/div>\n\t\t\t\t\t<\/div>\n\t\t<\/section>\n\t\t\t\t<section class=\"elementor-section elementor-top-section elementor-element elementor-element-aa3e2d9 elementor-section-boxed elementor-section-height-default elementor-section-height-default\" data-id=\"aa3e2d9\" data-element_type=\"section\" data-e-type=\"section\">\n\t\t\t\t\t\t<div class=\"elementor-container elementor-column-gap-default\">\n\t\t\t\t\t<div class=\"elementor-column elementor-col-100 elementor-top-column elementor-element elementor-element-21559d4\" data-id=\"21559d4\" data-element_type=\"column\" data-e-type=\"column\">\n\t\t\t<div class=\"elementor-widget-wrap elementor-element-populated\">\n\t\t\t\t\t\t<section class=\"elementor-section elementor-inner-section elementor-element elementor-element-5068b8a elementor-section-boxed elementor-section-height-default elementor-section-height-default\" data-id=\"5068b8a\" data-element_type=\"section\" data-e-type=\"section\">\n\t\t\t\t\t\t<div class=\"elementor-container elementor-column-gap-extended\">\n\t\t\t\t\t<div class=\"elementor-column elementor-col-50 elementor-inner-column elementor-element elementor-element-242cb65\" data-id=\"242cb65\" data-element_type=\"column\" data-e-type=\"column\">\n\t\t\t<div class=\"elementor-widget-wrap elementor-element-populated\">\n\t\t\t\t\t\t<div class=\"elementor-element elementor-element-e5b1cd2 elementor-widget elementor-widget-text-editor\" data-id=\"e5b1cd2\" data-element_type=\"widget\" data-e-type=\"widget\" data-widget_type=\"text-editor.default\">\n\t\t\t\t<div class=\"elementor-widget-container\">\n\t\t\t\t\t\t\t\t\t<div id=\"c2818\" class=\"container-fluid\"><div id=\"c2762\" class=\"container-fluid\"><div class=\" col-md-6 \"><div id=\"c2705\" class=\"container-fluid\"><div id=\"c2707\" class=\"container-fluid\"><div class=\" col-md-6 \"><div id=\"c2729\" class=\"container-fluid\"><div class=\" col-md-6 \"><div id=\"c2321\" class=\"container-fluid\"><div class=\" col-md-6 \"><div id=\"c2335\" class=\"container-fluid\"><div class=\" col-md-6 \"><div id=\"c2238\" class=\"container-fluid\"><div class=\" col-md-6 \"><div id=\"c2153\" class=\"container-fluid\"><div class=\" col-md-6 \"><div id=\"c2063\" class=\"container-fluid\"><div class=\" col-md-6 \"><div id=\"c2078\" class=\"container-fluid\"><div class=\" col-md-6 \"><div id=\"c2077\" class=\"container-fluid\"><div class=\" col-md-6 \"><div id=\"c2087\" class=\"container-fluid\"><div class=\" col-md-6 \"><div id=\"c1964\" class=\"container-fluid\"><div class=\" col-md-6 \"><div id=\"c1961\" class=\"container-fluid\"><div id=\"c1934\" class=\"container-fluid\"><div id=\"c1999\" class=\"container-fluid\"><div id=\"c1998\" class=\"container-fluid\"><p>Von unseren Kunden wurde beim Einsatz von Dekor-Fenstern immer wieder die sichtbare wei\u00dfe \u201eFuge\/Profilkante\u201c vom \u201ewei\u00dfen Basisprofil\u201c reklamiert.<\/p><p>Sind die Rollladenk\u00e4sten auf dem Fensterelement montiert, steht das Basisprofil ca. 2,5 mm vor und ist au\u00dfenseitig sichtbar \u2013 bei Dekor-Fenstern als \u201ewei\u00dfer Strich\/Fuge\u201c deklariert.<\/p><\/div><\/div><\/div><\/div><\/div><\/div><\/div><\/div><\/div><\/div><\/div><\/div><\/div><\/div><\/div><\/div><\/div><\/div><\/div><\/div><\/div><\/div><\/div><\/div><\/div><\/div><\/div><\/div><\/div><\/div>\t\t\t\t\t\t\t\t<\/div>\n\t\t\t\t<\/div>\n\t\t\t\t<div class=\"elementor-element elementor-element-183c3a0 elementor-widget elementor-widget-text-editor\" data-id=\"183c3a0\" data-element_type=\"widget\" data-e-type=\"widget\" data-widget_type=\"text-editor.default\">\n\t\t\t\t<div class=\"elementor-widget-container\">\n\t\t\t\t\t\t\t\t\t<div id=\"c2818\" class=\"container-fluid\"><div id=\"c2762\" class=\"container-fluid\"><div class=\" col-md-6 \"><div id=\"c2705\" class=\"container-fluid\"><div id=\"c2707\" class=\"container-fluid\"><div class=\" col-md-6 \"><div id=\"c2729\" class=\"container-fluid\"><div class=\" col-md-6 \"><div id=\"c2321\" class=\"container-fluid\"><div class=\" col-md-6 \"><div id=\"c2335\" class=\"container-fluid\"><div class=\" col-md-6 \"><div id=\"c2238\" class=\"container-fluid\"><div class=\" col-md-6 \"><div id=\"c2153\" class=\"container-fluid\"><div class=\" col-md-6 \"><div id=\"c2063\" class=\"container-fluid\"><div class=\" col-md-6 \"><div id=\"c2078\" class=\"container-fluid\"><div class=\" col-md-6 \"><div id=\"c2077\" class=\"container-fluid\"><div class=\" col-md-6 \"><div id=\"c2087\" class=\"container-fluid\"><div class=\" col-md-6 \"><div id=\"c1964\" class=\"container-fluid\"><div class=\" col-md-6 \"><div id=\"c1961\" class=\"container-fluid\"><div id=\"c1934\" class=\"container-fluid\"><div id=\"c1999\" class=\"container-fluid\"><div id=\"c1998\" class=\"container-fluid\"><p>Mit dem \u201eschwarz-wei\u00dfen\u201c zweifarbigen Basisprofil wird das Schwarzkonzept im System PAKTO<sup>\u00ae<\/sup> jetzt komplett. Der PAKTO<sup>\u00ae<\/sup> Rollladenkasten ist also von Oberkante Fensterblendrahmen au\u00dfenseitig komplett \u201eSchwarz\u201c im Bereich des Einlaufs und im Inneren des Kastens.<\/p><p>GROWE\/ROLTEX stellt flie\u00dfend auf das neue \u201eschwarz-wei\u00dfe Basisprofil\u201c im System PAKTO<sup>\u00ae<\/sup> um. Ab Januar 2024 werden wir im System PAKTO<sup>\u00ae<\/sup> nur noch das zweifarbige Basisprofil einsetzen \u2013 das wei\u00dfe Basisprofil l\u00e4uft somit aus.<\/p><p>Ank\u00fcndigung: Im 1. Quartal 2024 werden die Baus\u00e4tze im ELITE XT und EXPERT XT auch flie\u00dfend auf das zweifarbige Basisprofil umgestellt.<\/p><\/div><\/div><\/div><\/div><\/div><\/div><\/div><\/div><\/div><\/div><\/div><\/div><\/div><\/div><\/div><\/div><\/div><\/div><\/div><\/div><\/div><\/div><\/div><\/div><\/div><\/div><\/div><\/div><\/div><\/div>\t\t\t\t\t\t\t\t<\/div>\n\t\t\t\t<\/div>\n\t\t\t\t\t<\/div>\n\t\t<\/div>\n\t\t\t\t<div class=\"elementor-column elementor-col-50 elementor-inner-column elementor-element elementor-element-ff77047\" data-id=\"ff77047\" data-element_type=\"column\" data-e-type=\"column\">\n\t\t\t<div class=\"elementor-widget-wrap elementor-element-populated\">\n\t\t\t\t\t\t<div class=\"elementor-element elementor-element-bd49a8d elementor-widget elementor-widget-image\" data-id=\"bd49a8d\" data-element_type=\"widget\" data-e-type=\"widget\" data-widget_type=\"image.default\">\n\t\t\t\t<div class=\"elementor-widget-container\">\n\t\t\t\t\t\t\t\t\t\t\t\t\t\t\t<img fetchpriority=\"high\" decoding=\"async\" width=\"800\" height=\"534\" src=\"https:\/\/www.rollladen-growe.de\/wp-content\/uploads\/2023\/11\/PAKTO_Neues_Basisprofil_sw-1024x683.jpg\" class=\"attachment-large size-large wp-image-10788\" alt=\"\" srcset=\"https:\/\/www.rollladen-growe.de\/wp-content\/uploads\/2023\/11\/PAKTO_Neues_Basisprofil_sw-1024x683.jpg 1024w, https:\/\/www.rollladen-growe.de\/wp-content\/uploads\/2023\/11\/PAKTO_Neues_Basisprofil_sw-300x200.jpg 300w, https:\/\/www.rollladen-growe.de\/wp-content\/uploads\/2023\/11\/PAKTO_Neues_Basisprofil_sw-768x512.jpg 768w, https:\/\/www.rollladen-growe.de\/wp-content\/uploads\/2023\/11\/PAKTO_Neues_Basisprofil_sw-1536x1024.jpg 1536w, https:\/\/www.rollladen-growe.de\/wp-content\/uploads\/2023\/11\/PAKTO_Neues_Basisprofil_sw.jpg 1920w\" sizes=\"(max-width: 800px) 100vw, 800px\" \/>\t\t\t\t\t\t\t\t\t\t\t\t\t\t\t<\/div>\n\t\t\t\t<\/div>\n\t\t\t\t\t<\/div>\n\t\t<\/div>\n\t\t\t\t\t<\/div>\n\t\t<\/section>\n\t\t\t\t<section class=\"elementor-section elementor-inner-section elementor-element elementor-element-7f5fcea elementor-section-boxed elementor-section-height-default elementor-section-height-default\" data-id=\"7f5fcea\" data-element_type=\"section\" data-e-type=\"section\">\n\t\t\t\t\t\t<div class=\"elementor-container elementor-column-gap-extended\">\n\t\t\t\t\t<div class=\"elementor-column elementor-col-50 elementor-inner-column elementor-element elementor-element-959acba\" data-id=\"959acba\" data-element_type=\"column\" data-e-type=\"column\">\n\t\t\t<div class=\"elementor-widget-wrap\">\n\t\t\t\t\t\t\t<\/div>\n\t\t<\/div>\n\t\t\t\t<div class=\"elementor-column elementor-col-50 elementor-inner-column elementor-element elementor-element-6a4da23\" data-id=\"6a4da23\" data-element_type=\"column\" data-e-type=\"column\">\n\t\t\t<div class=\"elementor-widget-wrap\">\n\t\t\t\t\t\t\t<\/div>\n\t\t<\/div>\n\t\t\t\t\t<\/div>\n\t\t<\/section>\n\t\t\t\t<section class=\"elementor-section elementor-inner-section elementor-element elementor-element-362c5c9 elementor-section-boxed elementor-section-height-default elementor-section-height-default\" data-id=\"362c5c9\" data-element_type=\"section\" data-e-type=\"section\">\n\t\t\t\t\t\t<div class=\"elementor-container elementor-column-gap-default\">\n\t\t\t\t\t<div class=\"elementor-column elementor-col-50 elementor-inner-column elementor-element elementor-element-5b5724f\" data-id=\"5b5724f\" data-element_type=\"column\" data-e-type=\"column\">\n\t\t\t<div class=\"elementor-widget-wrap\">\n\t\t\t\t\t\t\t<\/div>\n\t\t<\/div>\n\t\t\t\t<div class=\"elementor-column elementor-col-50 elementor-inner-column elementor-element elementor-element-4747ded\" data-id=\"4747ded\" data-element_type=\"column\" data-e-type=\"column\">\n\t\t\t<div class=\"elementor-widget-wrap elementor-element-populated\">\n\t\t\t\t\t\t<div class=\"elementor-element elementor-element-1f0d025 elementor-align-right elementor-widget elementor-widget-button\" data-id=\"1f0d025\" data-element_type=\"widget\" data-e-type=\"widget\" data-widget_type=\"button.default\">\n\t\t\t\t<div class=\"elementor-widget-container\">\n\t\t\t\t\t\t\t\t\t<div class=\"elementor-button-wrapper\">\n\t\t\t\t\t<a class=\"elementor-button elementor-button-link elementor-size-sm\" href=\"https:\/\/www.rollladen-growe.de\/sortimentsanpassung-pvc-winkelendleiste\/\">\n\t\t\t\t\t\t<span class=\"elementor-button-content-wrapper\">\n\t\t\t\t\t\t<span class=\"elementor-button-icon\">\n\t\t\t\t<i aria-hidden=\"true\" class=\"fas fa-arrow-right\"><\/i>\t\t\t<\/span>\n\t\t\t\t\t\t\t\t\t<span class=\"elementor-button-text\">Sortimentsanpassung \u201ePVC-Winkelendleiste\u201c<\/span>\n\t\t\t\t\t<\/span>\n\t\t\t\t\t<\/a>\n\t\t\t\t<\/div>\n\t\t\t\t\t\t\t\t<\/div>\n\t\t\t\t<\/div>\n\t\t\t\t\t<\/div>\n\t\t<\/div>\n\t\t\t\t\t<\/div>\n\t\t<\/section>\n\t\t\t\t\t<\/div>\n\t\t<\/div>\n\t\t\t\t\t<\/div>\n\t\t<\/section>\n\t\t\t\t<\/div>\n\t\t","protected":false},"excerpt":{"rendered":"<p>Mit dem \u201eschwarz-wei\u00dfen\u201c zweifarbigen Basisprofil wird das Schwarzkonzept im System PAKTO\u00ae jetzt komplett. <\/p>\n","protected":false},"author":7,"featured_media":10787,"comment_status":"closed","ping_status":"closed","sticky":false,"template":"","format":"standard","meta":{"_acf_changed":false,"footnotes":""},"categories":[139,189],"tags":[],"class_list":["post-10784","post","type-post","status-publish","format-standard","has-post-thumbnail","hentry","category-newsletter","category-2023-04"],"acf":[],"_links":{"self":[{"href":"https:\/\/www.rollladen-growe.de\/api\/wp\/v2\/posts\/10784","targetHints":{"allow":["GET"]}}],"collection":[{"href":"https:\/\/www.rollladen-growe.de\/api\/wp\/v2\/posts"}],"about":[{"href":"https:\/\/www.rollladen-growe.de\/api\/wp\/v2\/types\/post"}],"author":[{"embeddable":true,"href":"https:\/\/www.rollladen-growe.de\/api\/wp\/v2\/users\/7"}],"replies":[{"embeddable":true,"href":"https:\/\/www.rollladen-growe.de\/api\/wp\/v2\/comments?post=10784"}],"version-history":[{"count":17,"href":"https:\/\/www.rollladen-growe.de\/api\/wp\/v2\/posts\/10784\/revisions"}],"predecessor-version":[{"id":10923,"href":"https:\/\/www.rollladen-growe.de\/api\/wp\/v2\/posts\/10784\/revisions\/10923"}],"wp:featuredmedia":[{"embeddable":true,"href":"https:\/\/www.rollladen-growe.de\/api\/wp\/v2\/media\/10787"}],"wp:attachment":[{"href":"https:\/\/www.rollladen-growe.de\/api\/wp\/v2\/media?parent=10784"}],"wp:term":[{"taxonomy":"category","embeddable":true,"href":"https:\/\/www.rollladen-growe.de\/api\/wp\/v2\/categories?post=10784"},{"taxonomy":"post_tag","embeddable":true,"href":"https:\/\/www.rollladen-growe.de\/api\/wp\/v2\/tags?post=10784"}],"curies":[{"name":"wp","href":"https:\/\/api.w.org\/{rel}","templated":true}]}}